{"id":19297,"date":"2026-04-30T18:50:29","date_gmt":"2026-04-30T16:50:29","guid":{"rendered":"https:\/\/zsp6.walbrzych.edu.pl\/?p=19297"},"modified":"2026-04-30T18:50:29","modified_gmt":"2026-04-30T16:50:29","slug":"kartka-wielkanocna-dla-papieza-leona","status":"publish","type":"post","link":"https:\/\/zsp6.walbrzych.edu.pl\/index.php\/2026\/04\/30\/kartka-wielkanocna-dla-papieza-leona\/","title":{"rendered":"Kartka Wielkanocna dla Papie\u017ca Leona"},"content":{"rendered":"\n<p>2 kwietnia 2026 r. zosta\u0142 rozstrzygni\u0119ty Og\u00f3lnopolski konkursu &#8222;Kartka Wielkanocna dla Papie\u017ca Leona&#8221;. Organizatorem konkursu by\u0142 Instytut Dialogu Mi\u0119dzykulturowego im. Jana Paw\u0142a II w Krakowie.<br>Na konkurs wp\u0142yn\u0119\u0142o 1306 prac z ca\u0142ej Polski. Z rado\u015bci\u0105 informujemy, \u017ce ucze\u0144 naszej szko\u0142y Alan Boro\u0144 z kl.6c otrzyma\u0142 nagrod\u0119 i wyr\u00f3\u017cnienie.<br>Gratulujemy sukcesu .<\/p>\n\n\n\n<figure class=\"wp-block-gallery has-nested-images columns-default is-cropped wp-block-gallery-1 is-layout-flex\">\n<figure class=\"wp-block-image size-large\"><img decoding=\"async\" width=\"644\" height=\"1024\" data-id=\"19299\"  src=\"https:\/\/zsp6.walbrzych.edu.pl\/wp-content\/uploads\/2026\/04\/20260430_151330-644x1024.jpg\" alt=\"Zdj\u0119cie do artyku\u0142u &quot;Kartka wielkanocna dla papie\u017ca Leona&quot;\" class=\"wp-image-19299\" srcset=\"https:\/\/zsp6.walbrzych.edu.pl\/wp-content\/uploads\/2026\/04\/20260430_151330-644x1024.jpg 644w, https:\/\/zsp6.walbrzych.edu.pl\/wp-content\/uploads\/2026\/04\/20260430_151330-189x300.jpg 189w, https:\/\/zsp6.walbrzych.edu.pl\/wp-content\/uploads\/2026\/04\/20260430_151330-768x1221.jpg 768w, https:\/\/zsp6.walbrzych.edu.pl\/wp-content\/uploads\/2026\/04\/20260430_151330-966x1536.jpg 966w, https:\/\/zsp6.walbrzych.edu.pl\/wp-content\/uploads\/2026\/04\/20260430_151330.jpg 1258w\" sizes=\"(max-width: 644px) 100vw, 644px\" \/><\/figure>\n\n\n\n<figure class=\"wp-block-image size-large\"><img decoding=\"async\" width=\"1024\" height=\"768\" data-id=\"19300\"  src=\"https:\/\/zsp6.walbrzych.edu.pl\/wp-content\/uploads\/2026\/04\/20260430_151606-1-1024x768.jpg\" alt=\"Zdj\u0119cie do artyku\u0142u &quot;Kartka wielkanocna dla papie\u017ca Leona&quot;\" class=\"wp-image-19300\" srcset=\"https:\/\/zsp6.walbrzych.edu.pl\/wp-content\/uploads\/2026\/04\/20260430_151606-1-1024x768.jpg 1024w, https:\/\/zsp6.walbrzych.edu.pl\/wp-content\/uploads\/2026\/04\/20260430_151606-1-300x225.jpg 300w, https:\/\/zsp6.walbrzych.edu.pl\/wp-content\/uploads\/2026\/04\/20260430_151606-1-768x576.jpg 768w, https:\/\/zsp6.walbrzych.edu.pl\/wp-content\/uploads\/2026\/04\/20260430_151606-1-1536x1152.jpg 1536w, https:\/\/zsp6.walbrzych.edu.pl\/wp-content\/uploads\/2026\/04\/20260430_151606-1.jpg 2000w\" sizes=\"(max-width: 1024px) 100vw, 1024px\" \/><\/figure>\n<\/figure>\n","protected":false},"excerpt":{"rendered":"<p>2 kwietnia 2026 r. zosta\u0142 rozstrzygni\u0119ty Og\u00f3lnopolski konkursu &#8222;Kartka Wielkanocna dla Papie\u017ca Leona&#8221;. Organizatorem konkursu by\u0142 Instytut Dialogu Mi\u0119dzykulturowego im. Jana Paw\u0142a II w Krakowie.Na konkurs wp\u0142yn\u0119\u0142o 1306 prac z <a class=\"read-more\" href=\"https:\/\/zsp6.walbrzych.edu.pl\/index.php\/2026\/04\/30\/kartka-wielkanocna-dla-papieza-leona\/\">Read More<\/a><\/p>\n","protected":false},"author":1,"featured_media":19298,"comment_status":"closed","ping_status":"closed","sticky":false,"template":"","format":"standard","meta":[],"categories":[3],"tags":[],"_links":{"self":[{"href":"https:\/\/zsp6.walbrzych.edu.pl\/index.php\/wp-json\/wp\/v2\/posts\/19297"}],"collection":[{"href":"https:\/\/zsp6.walbrzych.edu.pl\/index.php\/wp-json\/wp\/v2\/posts"}],"about":[{"href":"https:\/\/zsp6.walbrzych.edu.pl\/index.php\/wp-json\/wp\/v2\/types\/post"}],"author":[{"embeddable":true,"href":"https:\/\/zsp6.walbrzych.edu.pl\/index.php\/wp-json\/wp\/v2\/users\/1"}],"replies":[{"embeddable":true,"href":"https:\/\/zsp6.walbrzych.edu.pl\/index.php\/wp-json\/wp\/v2\/comments?post=19297"}],"version-history":[{"count":1,"href":"https:\/\/zsp6.walbrzych.edu.pl\/index.php\/wp-json\/wp\/v2\/posts\/19297\/revisions"}],"predecessor-version":[{"id":19301,"href":"https:\/\/zsp6.walbrzych.edu.pl\/index.php\/wp-json\/wp\/v2\/posts\/19297\/revisions\/19301"}],"wp:featuredmedia":[{"embeddable":true,"href":"https:\/\/zsp6.walbrzych.edu.pl\/index.php\/wp-json\/wp\/v2\/media\/19298"}],"wp:attachment":[{"href":"https:\/\/zsp6.walbrzych.edu.pl\/index.php\/wp-json\/wp\/v2\/media?parent=19297"}],"wp:term":[{"taxonomy":"category","embeddable":true,"href":"https:\/\/zsp6.walbrzych.edu.pl\/index.php\/wp-json\/wp\/v2\/categories?post=19297"},{"taxonomy":"post_tag","embeddable":true,"href":"https:\/\/zsp6.walbrzych.edu.pl\/index.php\/wp-json\/wp\/v2\/tags?post=19297"}],"curies":[{"name":"wp","href":"https:\/\/api.w.org\/{rel}","templated":true}]}}